{"id":136,"date":"2023-03-20T16:09:00","date_gmt":"2023-03-20T19:09:00","guid":{"rendered":"http:\/\/uab.ufsc.br\/ead\/filosofia\/?p=136"},"modified":"2024-03-16T10:08:59","modified_gmt":"2024-03-16T13:08:59","slug":"post-de-exemplo-2","status":"publish","type":"post","link":"https:\/\/uab.ufsc.br\/ead\/filosofia\/2023\/03\/post-de-exemplo-2\/","title":{"rendered":"Nova edi\u00e7\u00e3o do Curso de Licenciatura em Filosofia EaD"},"content":{"rendered":"\n<p style=\"font-size:15px\"><strong>Vestibular 2023 EAD\/UFSC<\/strong><br>Licenciatura em: Letras Portugu\u00eas | Ci\u00eancias Biol\u00f3gicas | Matem\u00e1tica | <span style=\"color: #0000ff;\"><strong>Filosofia<\/strong><\/span><\/p>\n\n\n\n<p class=\"has-vivid-cyan-blue-color has-text-color has-link-color wp-elements-7aade06ea11ab143e43e25a6d4348374\" style=\"font-size:20px\"><strong><a href=\"http:\/\/uab.ufsc.br\/ead\/filosofia\/wp-content\/uploads\/2024\/03\/edital-ead-2023.pdf\">Edital<\/a><\/strong><\/p>\n\n\n\n<p class=\"has-text-align-left\" style=\"font-size:15px\"><strong>Inscri\u00e7\u00f5es: <span style=\"color: #0000ff;\">14\/04\/2023&nbsp; a&nbsp; 09\/05\/2023<\/span><\/strong><\/p>\n\n\n\n<p class=\"has-text-align-left\" style=\"font-size:15px\"><strong>Pedidos de isen\u00e7\u00e3o: <span style=\"color: #0000ff;\">14\/04\/2023&nbsp; a&nbsp; 28\/04\/2023<\/span><\/strong><\/p>\n\n\n\n<p style=\"font-size:15px\"><strong>Prova<\/strong>: <span style=\"color: #0000ff;\"><strong>18\/06\/2023<\/strong><\/span><\/p>\n\n\n\n<p style=\"font-size:15px\">Polos e prova em Santa Catarina:&nbsp; Ararangu\u00e1 | Balne\u00e1rio Pi\u00e7arras | Bra\u00e7o do Norte | Canelinha | Canoinhas Crici\u00fama | Indaial | Joinville | Lages | Laguna | Otac\u00edlio Costa | Palho\u00e7a Ponte Serrada | Praia Grande | Tubar\u00e3o | Videira.&nbsp; Polo e prova no Paran\u00e1: Pato Branco<\/p>\n\n\n\n<p style=\"font-size:15px\"><span style=\"color: #0000ff;\"><strong><a href=\"http:\/\/ead2023.ufsc.br\">ead2023.ufsc.br<\/a><\/strong><\/span><br>Coperve&nbsp; UFSC<\/p>\n\n\n\n<p style=\"font-size:15px\">Total de vagas para o Curso de Filosofia: 150.<\/p>\n\n\n\n<p style=\"font-size:15px\"><strong>Polo de Crici\u00fama: 30 \/&nbsp; Polo de Indaial: 30 \/ Polo de Videira: 30 \/ Polo de Lages: 30 \/ Polo de Joinville: 30<\/strong><\/p>\n\n\n\n<p style=\"font-size:15px\">&nbsp;<\/p>\n\n\n\n<p style=\"font-size:15px\"><strong>As inscri\u00e7\u00f5es exclusivamente pelo site: <a href=\"http:\/\/uab.ufsc.br\/\">www.ead.ufsc.br<\/a><\/strong><\/p>\n","protected":false},"excerpt":{"rendered":"<p>Vestibular 2023 EAD\/UFSCLicenciatura em: Letras Portugu\u00eas | Ci\u00eancias Biol\u00f3gicas | Matem\u00e1tica | Filosofia Edital Inscri\u00e7\u00f5es: 14\/04\/2023&nbsp; a&nbsp; 09\/05\/2023 Pedidos de isen\u00e7\u00e3o: 14\/04\/2023&nbsp; a&nbsp; 28\/04\/2023 Prova: 18\/06\/2023 Polos e prova em Santa Catarina:&nbsp; Ararangu\u00e1 | Balne\u00e1rio Pi\u00e7arras | Bra\u00e7o do Norte | Canelinha | Canoinhas Crici\u00fama | Indaial | Joinville | Lages | Laguna | Otac\u00edlio [&hellip;]<\/p>\n","protected":false},"author":2,"featured_media":298,"comment_status":"closed","ping_status":"closed","sticky":false,"template":"","format":"standard","meta":{"_et_pb_use_builder":"off","_et_pb_old_content":"<!-- wp:paragraph -->\n<p><strong>Vestibular 2023 EAD\/UFSC<\/strong><br>Licenciatura em: Letras Portugu\u00eas | Ci\u00eancias Biol\u00f3gicas | Matem\u00e1tica | <span style=\"color: #0000ff;\"><strong>Filosofia<\/strong><\/span><\/p>\n<!-- \/wp:paragraph -->\n\n<!-- wp:paragraph -->\n<p><\/p>\n<!-- \/wp:paragraph -->\n\n<!-- wp:paragraph {\"align\":\"left\"} -->\n<p class=\"has-text-align-left\"><strong>Inscri\u00e7\u00f5es: <span style=\"color: #0000ff;\">14\/04\/2023&nbsp; a&nbsp; 09\/05\/2023<\/span><\/strong><\/p>\n<!-- \/wp:paragraph -->\n\n<!-- wp:paragraph {\"align\":\"left\"} -->\n<p class=\"has-text-align-left\"><strong>Pedidos de isen\u00e7\u00e3o: <span style=\"color: #0000ff;\">14\/04\/2023&nbsp; a&nbsp; 28\/04\/2023<\/span><\/strong><\/p>\n<!-- \/wp:paragraph -->\n\n<!-- wp:paragraph -->\n<p><strong>Prova<\/strong>: <span style=\"color: #0000ff;\"><strong>18\/06\/2023<\/strong><\/span><\/p>\n<!-- \/wp:paragraph -->\n\n<!-- wp:paragraph -->\n<p>Polos e prova em Santa Catarina:&nbsp; Ararangu\u00e1 | Balne\u00e1rio Pi\u00e7arras | Bra\u00e7o do Norte | Canelinha | Canoinhas Crici\u00fama | Indaial | Joinville | Lages | Laguna | Otac\u00edlio Costa | Palho\u00e7a Ponte Serrada | Praia Grande | Tubar\u00e3o | Videira.&nbsp; Polo e prova no Paran\u00e1: Pato Branco<\/p>\n<!-- \/wp:paragraph -->\n\n<!-- wp:paragraph -->\n<p><span style=\"color: #0000ff;\"><strong><a href=\"http:\/\/ead2023.ufsc.br\">ead2023.ufsc.br<\/a><\/strong><\/span><br>Coperve&nbsp; UFSC<\/p>\n<!-- \/wp:paragraph -->\n\n<!-- wp:paragraph -->\n<p>Total de vagas para o Curso de Filosofia: 150.<\/p>\n<!-- \/wp:paragraph -->\n\n<!-- wp:paragraph -->\n<p><strong>Polo de Crici\u00fama: 30 \/&nbsp; Polo de Indaial: 30 \/ Polo de Videira: 30 \/ Polo de Lages: 30 \/ Polo de Joinville: 30<\/strong><\/p>\n<!-- \/wp:paragraph -->\n\n<!-- wp:paragraph -->\n<p>&nbsp;<\/p>\n<!-- \/wp:paragraph -->\n\n<!-- wp:paragraph -->\n<p><strong>As inscri\u00e7\u00f5es exclusivamente pelo site: <a href=\"http:\/\/uab.ufsc.br\/\">www.ead.ufsc.br<\/a><\/strong><\/p>\n<!-- \/wp:paragraph -->","_et_gb_content_width":"","inline_featured_image":false,"footnotes":""},"categories":[5,4],"tags":[],"class_list":["post-136","post","type-post","status-publish","format-standard","has-post-thumbnail","hentry","category-destaques","category-noticias"],"_links":{"self":[{"href":"https:\/\/uab.ufsc.br\/ead\/filosofia\/wp-json\/wp\/v2\/posts\/136","targetHints":{"allow":["GET"]}}],"collection":[{"href":"https:\/\/uab.ufsc.br\/ead\/filosofia\/wp-json\/wp\/v2\/posts"}],"about":[{"href":"https:\/\/uab.ufsc.br\/ead\/filosofia\/wp-json\/wp\/v2\/types\/post"}],"author":[{"embeddable":true,"href":"https:\/\/uab.ufsc.br\/ead\/filosofia\/wp-json\/wp\/v2\/users\/2"}],"replies":[{"embeddable":true,"href":"https:\/\/uab.ufsc.br\/ead\/filosofia\/wp-json\/wp\/v2\/comments?post=136"}],"version-history":[{"count":22,"href":"https:\/\/uab.ufsc.br\/ead\/filosofia\/wp-json\/wp\/v2\/posts\/136\/revisions"}],"predecessor-version":[{"id":890,"href":"https:\/\/uab.ufsc.br\/ead\/filosofia\/wp-json\/wp\/v2\/posts\/136\/revisions\/890"}],"wp:featuredmedia":[{"embeddable":true,"href":"https:\/\/uab.ufsc.br\/ead\/filosofia\/wp-json\/wp\/v2\/media\/298"}],"wp:attachment":[{"href":"https:\/\/uab.ufsc.br\/ead\/filosofia\/wp-json\/wp\/v2\/media?parent=136"}],"wp:term":[{"taxonomy":"category","embeddable":true,"href":"https:\/\/uab.ufsc.br\/ead\/filosofia\/wp-json\/wp\/v2\/categories?post=136"},{"taxonomy":"post_tag","embeddable":true,"href":"https:\/\/uab.ufsc.br\/ead\/filosofia\/wp-json\/wp\/v2\/tags?post=136"}],"curies":[{"name":"wp","href":"https:\/\/api.w.org\/{rel}","templated":true}]}}