{"id":1405,"date":"2025-09-07T14:08:16","date_gmt":"2025-09-07T17:08:16","guid":{"rendered":"https:\/\/uab.ufsc.br\/ead\/filosofia\/?p=1405"},"modified":"2025-09-11T20:39:26","modified_gmt":"2025-09-11T23:39:26","slug":"da-duvida-a-certeza","status":"publish","type":"post","link":"https:\/\/uab.ufsc.br\/ead\/filosofia\/2025\/09\/da-duvida-a-certeza\/","title":{"rendered":"Da d\u00favida \u00e0 certeza"},"content":{"rendered":"\n<p><\/p>\n\n\n\n<p><\/p>\n\n\n\n<p class=\"has-black-color has-text-color has-link-color has-medium-font-size wp-elements-b860a1a95f258fa1b88dd0eea5fa2278\">Este minicurso, direcionado a alunos do Curso de Licenciatura em Filosofia EAD\/UFSC, e demais interessados, tem car\u00e1ter pedag\u00f3gico e filos\u00f3fico. Por um lado, busca exercitar a leitura filos\u00f3fica ao comentar e compreender o texto a partir da sua estrutura interna. Por outro, prop\u00f5e-se a discutir os argumentos de Ren\u00e9 Descartes, bem como o papel da d\u00favida e do ceticismo no estabelecimento da verdade.<\/p>\n\n\n\n<p class=\"has-medium-font-size\"><strong>Ministrante: Ma. e Doutoranda (PPGFIL-UFSC)<a href=\"http:\/\/lattes.cnpq.br\/3824194068851704\"> Isabela Pereira da Cunha<\/a><\/strong><\/p>\n\n\n\n<p><\/p>\n\n\n\n<p class=\"has-medium-font-size\"><strong>Inscri\u00e7\u00f5es<\/strong>: <a href=\"https:\/\/inscricoes.ufsc.br\/activities\/12041\">https:\/\/inscricoes.ufsc.br\/activities\/12041<\/a> <\/p>\n\n\n\n<p class=\"has-vivid-red-color has-text-color has-link-color has-medium-font-size wp-elements-2633a85cce3c2ea36c6da1fcb520b3a9\"><strong>T\u00f3picos abordados:<\/strong><\/p>\n\n\n\n<p class=\"has-black-color has-text-color has-link-color has-medium-font-size wp-elements-0bb4c512a0559e3d6d4e76e10819f34f\"><br>\uf0b7 O projeto filos\u00f3fico cartesiano.<br>\uf0b7 O ceticismo na filosofia de Descartes.<br>\uf0b7 A d\u00favida met\u00f3dica.<br>\uf0b7 O cogito: argumentos, limites e verdade.<br>\uf0b7 A natureza do eu: res cogitans<\/p>\n\n\n\n<p class=\"has-black-color has-text-color has-link-color has-medium-font-size wp-elements-9ea9de3557edab6b4469dff93e6affdc\"><\/p>\n\n\n\n<p class=\"has-vivid-red-color has-text-color has-link-color has-medium-font-size wp-elements-486fab63e1daa54999cbcc56b25beaa7\"><strong>Cronograma e conte\u00fado program\u00e1tico:<\/strong><\/p>\n\n\n\n<p class=\"has-black-color has-text-color has-link-color has-medium-font-size wp-elements-aa6516845d0fe6834ab35f1345eb4242\"><br>12\/09 (sexta-feira): Leitura da primeira Medita\u00e7\u00e3o<br>17\/09 (quarta-feira): Leitura da segunda Medita\u00e7\u00e3o<br>26\/09 (sexta-feira): Leitura da segunda e terceira Medita\u00e7\u00e3o<br>03\/ 10 (sexta-feira): Leitura da terceira Medita\u00e7\u00e3o<\/p>\n\n\n\n<p class=\"has-black-color has-text-color has-link-color has-medium-font-size wp-elements-11f4bb42c5f63e65811fb67b1c598ff6\">Metodologia<br>As aulas ser\u00e3o ministradas de forma online, via Sala Virtual Confer\u00eanciaWeb, com dura\u00e7\u00e3o de duas horas cada. Ser\u00e3o combinadas exposi\u00e7\u00f5es orais com momentos de leitura conjunta e discuss\u00e3o dos textos.<\/p>\n\n\n\n<p><\/p>\n\n\n\n<p class=\"has-vivid-cyan-blue-color has-text-color has-link-color has-medium-font-size wp-elements-ceb6de02a88e9ca49a30ef31eebbc60a\"><strong>Download do texto b\u00e1sico:<\/strong><\/p>\n\n\n\n<p class=\"has-vivid-cyan-blue-color has-text-color has-link-color has-medium-font-size wp-elements-bdea450f69ffebe702cea51d160ea306\"><strong><a href=\"http:\/\/uab.ufsc.br\/ead\/filosofia\/wp-content\/uploads\/2025\/09\/15-Descartes-1-ed-RB.pdf\">http:\/\/uab.ufsc.br\/ead\/filosofia\/wp-content\/uploads\/2025\/09\/15-Descartes-1-ed-RB.pdf<\/a><\/strong><\/p>\n\n\n\n<p class=\"has-vivid-cyan-blue-color has-text-color has-link-color has-medium-font-size wp-elements-1448da4fec87ed69345f789e6b85c848\"><strong>SALA VIRTUAL:<\/strong><br><a href=\"https:\/\/lti.mconf.rnp.br\/rooms\/05d4d427f6714d847525aa2d2b68173174812a12\/scheduled_meetings\/miCzfDfv2Aa4\/external\">https:\/\/lti.mconf.rnp.br\/rooms\/05d4d427f6714d847525aa2d2b68173174812a12\/scheduled_meetings\/miCzfDfv2Aa4\/external<\/a><\/p>\n\n\n\n<p><\/p>\n\n\n\n<div class=\"wp-block-columns is-layout-flex wp-container-core-columns-is-layout-9d6595d7 wp-block-columns-is-layout-flex\">\n<div class=\"wp-block-column is-layout-flow wp-block-column-is-layout-flow\" style=\"flex-basis:100%\">\n<div class=\"wp-block-media-text is-stacked-on-mobile\"><figure class=\"wp-block-media-text__media\"><img loading=\"lazy\" decoding=\"async\" width=\"768\" height=\"1024\" src=\"http:\/\/uab.ufsc.br\/ead\/filosofia\/wp-content\/uploads\/2025\/09\/Isabela-minicurso02-768x1024.jpg\" alt=\"\" class=\"wp-image-1408 size-full\"\/><\/figure><div class=\"wp-block-media-text__content\">\n<p><\/p>\n<\/div><\/div>\n<\/div>\n<\/div>\n\n\n\n<p><\/p>\n","protected":false},"excerpt":{"rendered":"<p>Este minicurso, direcionado a alunos do Curso de Licenciatura em Filosofia EAD\/UFSC, e demais interessados, tem car\u00e1ter pedag\u00f3gico e filos\u00f3fico. Por um lado, busca exercitar a leitura filos\u00f3fica ao comentar e compreender o texto a partir da sua estrutura interna. Por outro, prop\u00f5e-se a discutir os argumentos de Ren\u00e9 Descartes, bem como o papel da [&hellip;]<\/p>\n","protected":false},"author":2,"featured_media":1407,"comment_status":"closed","ping_status":"closed","sticky":false,"template":"","format":"standard","meta":{"_et_pb_use_builder":"off","_et_pb_old_content":"","_et_gb_content_width":"","inline_featured_image":false,"footnotes":""},"categories":[5,15,4],"tags":[],"class_list":["post-1405","post","type-post","status-publish","format-standard","has-post-thumbnail","hentry","category-destaques","category-eventos","category-noticias"],"_links":{"self":[{"href":"https:\/\/uab.ufsc.br\/ead\/filosofia\/wp-json\/wp\/v2\/posts\/1405","targetHints":{"allow":["GET"]}}],"collection":[{"href":"https:\/\/uab.ufsc.br\/ead\/filosofia\/wp-json\/wp\/v2\/posts"}],"about":[{"href":"https:\/\/uab.ufsc.br\/ead\/filosofia\/wp-json\/wp\/v2\/types\/post"}],"author":[{"embeddable":true,"href":"https:\/\/uab.ufsc.br\/ead\/filosofia\/wp-json\/wp\/v2\/users\/2"}],"replies":[{"embeddable":true,"href":"https:\/\/uab.ufsc.br\/ead\/filosofia\/wp-json\/wp\/v2\/comments?post=1405"}],"version-history":[{"count":4,"href":"https:\/\/uab.ufsc.br\/ead\/filosofia\/wp-json\/wp\/v2\/posts\/1405\/revisions"}],"predecessor-version":[{"id":1429,"href":"https:\/\/uab.ufsc.br\/ead\/filosofia\/wp-json\/wp\/v2\/posts\/1405\/revisions\/1429"}],"wp:featuredmedia":[{"embeddable":true,"href":"https:\/\/uab.ufsc.br\/ead\/filosofia\/wp-json\/wp\/v2\/media\/1407"}],"wp:attachment":[{"href":"https:\/\/uab.ufsc.br\/ead\/filosofia\/wp-json\/wp\/v2\/media?parent=1405"}],"wp:term":[{"taxonomy":"category","embeddable":true,"href":"https:\/\/uab.ufsc.br\/ead\/filosofia\/wp-json\/wp\/v2\/categories?post=1405"},{"taxonomy":"post_tag","embeddable":true,"href":"https:\/\/uab.ufsc.br\/ead\/filosofia\/wp-json\/wp\/v2\/tags?post=1405"}],"curies":[{"name":"wp","href":"https:\/\/api.w.org\/{rel}","templated":true}]}}