{"id":1415,"date":"2025-09-10T09:18:16","date_gmt":"2025-09-10T12:18:16","guid":{"rendered":"https:\/\/uab.ufsc.br\/ead\/filosofia\/?p=1415"},"modified":"2025-09-11T08:54:19","modified_gmt":"2025-09-11T11:54:19","slug":"workshop-a-etica-de-parfit","status":"publish","type":"post","link":"https:\/\/uab.ufsc.br\/ead\/filosofia\/2025\/09\/workshop-a-etica-de-parfit\/","title":{"rendered":"[ Divulga\u00e7\u00e3o ]: Workshop: A \u00c9tica de Parfit"},"content":{"rendered":"\n<p><\/p>\n\n\n\n<p class=\"has-medium-font-size\"><\/p>\n\n\n\n<p class=\"has-luminous-vivid-orange-color has-text-color has-link-color has-large-font-size wp-elements-5267aae33ebca2cc47694e3cb4e1f80b\"><strong>A \u00c9TICA DE PARFIT<\/strong><\/p>\n\n\n\n<p class=\"has-vivid-cyan-blue-color has-text-color has-link-color has-medium-font-size wp-elements-eac94833e081d7f51e86a01e233549e5\"><strong>26 e 27 de setembro<\/strong><\/p>\n\n\n\n<p class=\"has-vivid-cyan-blue-color has-text-color has-link-color has-medium-font-size wp-elements-263acaa11e6cde8f3e86ee34b4337ddf\"><strong>Evento h\u00edbrido<\/strong><\/p>\n\n\n\n<p class=\"has-medium-font-size\"><strong>Local presencial: <\/strong>Sala Selvino Assmann, CFH, Bloco D, 3\u00ba andar<\/p>\n\n\n\n<p class=\"has-medium-font-size\"><strong>Sala virtual:<\/strong> <a href=\"https:\/\/conferenciaweb.rnp.br\/sala\/darlei\"><strong>https:\/\/conferenciaweb.rnp.br\/sala\/darlei<\/strong><\/a><\/p>\n\n\n\n<p class=\"has-black-color has-text-color has-link-color has-medium-font-size wp-elements-59d5c49c5a22895da209419104f930b4\"><strong>Inscri\u00e7\u00f5es:<\/strong> no primeiro dia do evento<\/p>\n\n\n\n<p class=\"has-luminous-vivid-orange-color has-text-color has-link-color has-large-font-size wp-elements-b1db42f435db69759eecc83858b0c945\"><strong>SEXTA-FEIRA &#8211; 26\/09<\/strong><\/p>\n\n\n\n<p class=\"has-black-color has-text-color has-link-color has-medium-font-size wp-elements-873ca93466bb51046fb8edf25a0e0135\"><strong>08:00-9:00 <\/strong>&#8211; Por que agir? Raz\u00f5es e normatividade em Parfit &#8211; Lucas Dalsotto (UCS)<\/p>\n\n\n\n<p class=\"has-black-color has-text-color has-link-color has-medium-font-size wp-elements-8adb7e327f82d88948bb472634927bdf\"><strong>9:00-10:00<\/strong> &#8211; Intui\u00e7\u00f5es morais e discord\u00e2ncia &#8211; Leonardo Ribeiro (UFMG)<\/p>\n\n\n\n<p class=\"has-black-color has-text-color has-link-color has-medium-font-size wp-elements-faabd15e27e1046c9712bfa4e6fd17c3\"><strong>10:00-10:30<\/strong> &#8211; Intervalo<\/p>\n\n\n\n<p class=\"has-black-color has-text-color has-link-color has-medium-font-size wp-elements-9ea9de3557edab6b4469dff93e6affdc\"><\/p>\n\n\n\n<p class=\"has-black-color has-text-color has-link-color has-medium-font-size wp-elements-07421787082be078e20f538a1a8f6cb7\"><strong>10:30-11:30<\/strong> &#8211; Teoria meta\u00e9tica tr\u00edplice: estado da arte, reformula\u00e7\u00e3o e novas perspectivas. Monica Franco<\/p>\n\n\n\n<p class=\"has-black-color has-text-color has-link-color has-medium-font-size wp-elements-9ea9de3557edab6b4469dff93e6affdc\"><\/p>\n\n\n\n<p class=\"has-black-color has-text-color has-link-color has-medium-font-size wp-elements-2960ff0e5bf77e5b805096118ed10903\"><strong>14:00-15:00<\/strong> &#8211; Verdade moral expressivista? Alcino Bonella (UFU-CNPq)<\/p>\n\n\n\n<p class=\"has-black-color has-text-color has-link-color has-medium-font-size wp-elements-71964cde1db9654b63753a6a636e67d7\">1<strong>5:00-16:00<\/strong> &#8211; N\u00e3o-identidade e justi\u00e7a intergeracional Milene Consenso Tonetto (UFSC-CNPq)<\/p>\n\n\n\n<p class=\"has-black-color has-text-color has-link-color has-medium-font-size wp-elements-a3a4282f38f1c3a22cb9402636562b77\"><strong>16:00-16:30<\/strong> &#8211; Intervalo<\/p>\n\n\n\n<p class=\"has-black-color has-text-color has-link-color has-medium-font-size wp-elements-3aba2fcbdca1df450bb7342622affa72\"><strong>16:30-17:30 <\/strong>&#8211; Normatividade e raz\u00f5es deliberativas Wilson Mendon\u00e7a (UFRJ-CNPq)<\/p>\n\n\n\n<p class=\"has-luminous-vivid-orange-color has-text-color has-link-color has-large-font-size wp-elements-948870848246d7e735821c5d78419fe6\"><strong>S\u00c1BADO 27\/09<\/strong><\/p>\n\n\n\n<p class=\"has-black-color has-text-color has-link-color has-medium-font-size wp-elements-f75bccdad77c7f568419f7a117cc9a0b\"><strong>MINICURSO: \u00c9TICA NORMATIVA E META\u00c9TICA EM PARFIT<\/strong><\/p>\n\n\n\n<p class=\"has-black-color has-text-color has-link-color has-medium-font-size wp-elements-b6785c37d1567b798719b1aaf9ebfac8\"><strong>08:00-9:30<\/strong> &#8211; Revisando a teoria normativa tr\u00edplice Darlei Dall&#8217;Agnol (UFSC-CNPq)<\/p>\n\n\n\n<p class=\"has-black-color has-text-color has-link-color has-medium-font-size wp-elements-8783598d345cf4f5209394443841fa1f\"><strong>9:30-10:00<\/strong> &#8211; Intervalo<\/p>\n\n\n\n<p class=\"has-black-color has-text-color has-link-color has-medium-font-size wp-elements-851a3b664c3c587d2cf3c6f8017c0bf8\"><strong>10:00-11:30<\/strong> &#8211; Teoria meta\u00e9tica tr\u00edplice e cognitivismo n\u00e3o-realista Silvio Kavetski (UFSC-CNPq)<\/p>\n\n\n\n<p><\/p>\n\n\n\n<figure class=\"wp-block-image size-full\"><img loading=\"lazy\" decoding=\"async\" width=\"679\" height=\"960\" src=\"http:\/\/uab.ufsc.br\/ead\/filosofia\/wp-content\/uploads\/2025\/09\/Etica.jpg\" alt=\"\" class=\"wp-image-1414\" srcset=\"http:\/\/uab.ufsc.br\/ead\/filosofia\/wp-content\/uploads\/2025\/09\/Etica.jpg 679w, http:\/\/uab.ufsc.br\/ead\/filosofia\/wp-content\/uploads\/2025\/09\/Etica-480x679.jpg 480w\" sizes=\"auto, (min-width: 0px) and (max-width: 480px) 480px, (min-width: 481px) 679px, 100vw\" \/><\/figure>\n","protected":false},"excerpt":{"rendered":"<p>A \u00c9TICA DE PARFIT 26 e 27 de setembro Evento h\u00edbrido Local presencial: Sala Selvino Assmann, CFH, Bloco D, 3\u00ba andar Sala virtual: https:\/\/conferenciaweb.rnp.br\/sala\/darlei Inscri\u00e7\u00f5es: no primeiro dia do evento SEXTA-FEIRA &#8211; 26\/09 08:00-9:00 &#8211; Por que agir? Raz\u00f5es e normatividade em Parfit &#8211; Lucas Dalsotto (UCS) 9:00-10:00 &#8211; Intui\u00e7\u00f5es morais e discord\u00e2ncia &#8211; Leonardo [&hellip;]<\/p>\n","protected":false},"author":2,"featured_media":1414,"comment_status":"closed","ping_status":"closed","sticky":false,"template":"","format":"standard","meta":{"_et_pb_use_builder":"off","_et_pb_old_content":"<!-- wp:paragraph -->\n<p><\/p>\n<!-- \/wp:paragraph -->\n\n<!-- wp:paragraph -->\n<p><\/p>\n<!-- \/wp:paragraph -->\n\n<!-- wp:paragraph -->\n<p><strong>A \u00c9tica de Parfit<\/strong><\/p>\n<!-- \/wp:paragraph -->\n\n<!-- wp:paragraph -->\n<p>26 e 27 de setembro<\/p>\n<!-- \/wp:paragraph -->\n\n<!-- wp:paragraph -->\n<p>Evento h\u00edbrido<\/p>\n<!-- \/wp:paragraph -->\n\n<!-- wp:paragraph -->\n<p><strong>Local presencial: <\/strong>Sala Selvino Assmann, CFH, Bloco D, 3\u00ba andar<\/p>\n<!-- \/wp:paragraph -->\n\n<!-- wp:paragraph -->\n<p><strong>Sala virtual:<\/strong> <a href=\"https:\/\/conferenciaweb.rnp.br\/sala\/darlei\">https:\/\/conferenciaweb.rnp.br\/sala\/darlei<\/a><\/p>\n<!-- \/wp:paragraph -->\n\n<!-- wp:paragraph -->\n<p><strong>Inscri\u00e7\u00f5es:<\/strong> no primeiro dia do evento<\/p>\n<!-- \/wp:paragraph -->\n\n<!-- wp:paragraph -->\n<p><strong>SEXTA-FEIRA - 26\/09<\/strong><\/p>\n<!-- \/wp:paragraph -->\n\n<!-- wp:paragraph -->\n<p>08:00-9:00 - Por que agir? Raz\u00f5es e normatividade em Parfit -  Lucas Dalsotto (UCS)<\/p>\n<!-- \/wp:paragraph -->\n\n<!-- wp:paragraph -->\n<p>9:00-10:00 -  Intui\u00e7\u00f5es morais e discord\u00e2ncia - Leonardo Ribeiro (UFMG) <\/p>\n<!-- \/wp:paragraph -->\n\n<!-- wp:paragraph -->\n<p>10:00-10:30 - Intervalo<\/p>\n<!-- \/wp:paragraph -->\n\n<!-- wp:paragraph -->\n<p><\/p>\n<!-- \/wp:paragraph -->\n\n<!-- wp:paragraph -->\n<p>10:30-11:30 - Teoria meta\u00e9tica tr\u00edplice: estado da arte, reformula\u00e7\u00e3o e novas perspectivas. Monica Franco<\/p>\n<!-- \/wp:paragraph -->\n\n<!-- wp:paragraph -->\n<p><\/p>\n<!-- \/wp:paragraph -->\n\n<!-- wp:paragraph -->\n<p>14:00-15:00 -  Verdade moral expressivista? Alcino Bonella (UFU-CNPq)<\/p>\n<!-- \/wp:paragraph -->\n\n<!-- wp:paragraph -->\n<p>15:00-16:00 - N\u00e3o-identidade e justi\u00e7a intergeracional Milene Consenso Tonetto (UFSC-CNPq)<\/p>\n<!-- \/wp:paragraph -->\n\n<!-- wp:paragraph -->\n<p>16:00-16:30 - Intervalo<\/p>\n<!-- \/wp:paragraph -->\n\n<!-- wp:paragraph -->\n<p>16:30-17:30 - Normatividade e raz\u00f5es deliberativas Wilson Mendon\u00e7a (UFRJ-CNPq)<\/p>\n<!-- \/wp:paragraph -->\n\n<!-- wp:paragraph -->\n<p><strong>S\u00c1BADO 27\/09<\/strong><\/p>\n<!-- \/wp:paragraph -->\n\n<!-- wp:paragraph -->\n<p><strong>MINICURSO: \u00c9TICA NORMATIVA E META\u00c9TICA EM PARFIT<\/strong><\/p>\n<!-- \/wp:paragraph -->\n\n<!-- wp:paragraph -->\n<p>08:00-9:30 - Revisando a teoria normativa tr\u00edplice Darlei Dall'Agnol (UFSC-CNPq)<\/p>\n<!-- \/wp:paragraph -->\n\n<!-- wp:paragraph -->\n<p>9:30-10:00 - Intervalo<\/p>\n<!-- \/wp:paragraph -->\n\n<!-- wp:paragraph -->\n<p>10:00-11:30 - Teoria meta\u00e9tica tr\u00edplice e cognitivismo n\u00e3o-realista Silvio Kavetski (UFSC-CNPq)<\/p>\n<!-- \/wp:paragraph -->\n\n<!-- wp:paragraph -->\n<p><\/p>\n<!-- \/wp:paragraph -->\n\n<!-- wp:image {\"id\":1414,\"sizeSlug\":\"full\",\"linkDestination\":\"none\"} -->\n<figure class=\"wp-block-image size-full\"><img src=\"http:\/\/uab.ufsc.br\/ead\/filosofia\/wp-content\/uploads\/2025\/09\/Etica.jpg\" alt=\"\" class=\"wp-image-1414\"\/><\/figure>\n<!-- \/wp:image -->","_et_gb_content_width":"","inline_featured_image":false,"footnotes":""},"categories":[5,15,4,1],"tags":[],"class_list":["post-1415","post","type-post","status-publish","format-standard","has-post-thumbnail","hentry","category-destaques","category-eventos","category-noticias","category-sem-categoria"],"_links":{"self":[{"href":"https:\/\/uab.ufsc.br\/ead\/filosofia\/wp-json\/wp\/v2\/posts\/1415","targetHints":{"allow":["GET"]}}],"collection":[{"href":"https:\/\/uab.ufsc.br\/ead\/filosofia\/wp-json\/wp\/v2\/posts"}],"about":[{"href":"https:\/\/uab.ufsc.br\/ead\/filosofia\/wp-json\/wp\/v2\/types\/post"}],"author":[{"embeddable":true,"href":"https:\/\/uab.ufsc.br\/ead\/filosofia\/wp-json\/wp\/v2\/users\/2"}],"replies":[{"embeddable":true,"href":"https:\/\/uab.ufsc.br\/ead\/filosofia\/wp-json\/wp\/v2\/comments?post=1415"}],"version-history":[{"count":5,"href":"https:\/\/uab.ufsc.br\/ead\/filosofia\/wp-json\/wp\/v2\/posts\/1415\/revisions"}],"predecessor-version":[{"id":1421,"href":"https:\/\/uab.ufsc.br\/ead\/filosofia\/wp-json\/wp\/v2\/posts\/1415\/revisions\/1421"}],"wp:featuredmedia":[{"embeddable":true,"href":"https:\/\/uab.ufsc.br\/ead\/filosofia\/wp-json\/wp\/v2\/media\/1414"}],"wp:attachment":[{"href":"https:\/\/uab.ufsc.br\/ead\/filosofia\/wp-json\/wp\/v2\/media?parent=1415"}],"wp:term":[{"taxonomy":"category","embeddable":true,"href":"https:\/\/uab.ufsc.br\/ead\/filosofia\/wp-json\/wp\/v2\/categories?post=1415"},{"taxonomy":"post_tag","embeddable":true,"href":"https:\/\/uab.ufsc.br\/ead\/filosofia\/wp-json\/wp\/v2\/tags?post=1415"}],"curies":[{"name":"wp","href":"https:\/\/api.w.org\/{rel}","templated":true}]}}