{"id":1631,"date":"2026-05-01T15:01:46","date_gmt":"2026-05-01T18:01:46","guid":{"rendered":"https:\/\/uab.ufsc.br\/ead\/filosofia\/?p=1631"},"modified":"2026-05-01T15:03:55","modified_gmt":"2026-05-01T18:03:55","slug":"1631","status":"publish","type":"post","link":"https:\/\/uab.ufsc.br\/ead\/filosofia\/2026\/05\/1631\/","title":{"rendered":"[Divulga\u00e7\u00e3o] Lan\u00e7amento do livro &#8216;Amor e Dor&#8217;."},"content":{"rendered":"<p><span style=\"font-family: Verdana; font-size: small;\"><span style=\"color: #000080;\"><b><img loading=\"lazy\" decoding=\"async\" class=\"alignleft wp-image-7784\" src=\"http:\/\/deptofilosofia.paginas.ufsc.br\/files\/2026\/05\/Livro-Amor-e-Dor.-Organizadoras-Maria-Borges-e-Ev\u00e2nia-Reich.jpg\" alt=\"\" width=\"400\" height=\"622\" \/>AMOR E DOR<\/b><\/span><br \/>\nOrganizadoras: Maria Borges e Ev\u00e2nia Reich<\/span><\/p>\n<p align=\"justify\"><span style=\"font-family: Verdana; font-size: small;\">Formato: 14 x 21 cm.<br \/>\nP\u00e1ginas: 228<br \/>\nPublica\u00e7\u00e3o: Ataraxia, 2025<\/span><\/p>\n<p align=\"justify\"><span style=\"font-family: Verdana; font-size: small;\">ISBN 978-65-978515-0-8<\/span><\/p>\n<p align=\"justify\"><span style=\"font-family: Verdana; font-size: small;\">Esta colet\u00e2nea pretende apresentar o \u201camor sem anestesia\u201d, na bela express\u00e3o da m\u00fasica de Chico Cesar. \u201c\u00c9 belo, v\u00eas, o amor sem anestesia. D\u00f3i de bom, arde de doce. Queima, acalma. Mata, cria\u201d. Ao mesmo tempo que \u00e9 doce, o amor d\u00f3i; ao mesmo tempo que acalma, queima.<br \/>\nNossa aventura de percorrer o amor, em sua aparente contradi\u00e7\u00e3o entre deleite e dor, pretende-se multidisciplinar. A ideia deste livro adv\u00e9m de um desejo de trabalhar a quest\u00e3o do amor por meio do discurso de diferentes vis\u00f5es e \u00e1reas que tratam do tema, buscando dar conta da complexidade do fen\u00f4meno amoroso. Fil\u00f3sofos\/as, psicanalistas, al\u00e9m de uma assistente social e uma professora de cinema contribu\u00edram nessa reflex\u00e3o sobre a inexor\u00e1vel dor de amar, bem como sobre a import\u00e2ncia desse afeto na constitui\u00e7\u00e3o do sujeito. Entendemos que a an\u00e1lise multidisciplinar \u00e9 capaz de lan\u00e7ar luz ao entendimento do fen\u00f4meno amoroso, na medida em que as rela\u00e7\u00f5es amorosas e a dor causada por elas s\u00e3o explicadas de maneiras diferentes e complementares pelas \u00e1reas do saber que aqui comp\u00f5em os cap\u00edtulos. Talvez, auxiliados pela multiplicidade de olhares, possamos decifrar a aparente contradi\u00e7\u00e3o do amor, exposta de forma t\u00e3o bela pelo cineasta Gaspar No\u00e9, no filme Love, com o seguinte questionamento: \u201cComo algo t\u00e3o maravilhoso pode trazer tanta dor?\u201d.<\/span><\/p>\n<p align=\"justify\"><a href=\"https:\/\/www.bestiario.com.br\/ataraxia\/amor_e_dor.html\">Site da editora<\/a><\/p>\n<p align=\"justify\"><span style=\"font-family: Verdana; font-size: small;\"><b>Sobre os autores:<\/b><\/span><\/p>\n<p align=\"justify\"><span style=\"font-family: Verdana; font-size: small;\"><b>Cl\u00e9lia Mello<\/b><br \/>\nProfessora do curso de Cinema do Departamento de Artes da UFSC<\/span><\/p>\n<p><b>Daniel Perez<\/b><br \/>\nProfessor de Filosofia da UNICAMP, pesquisador do CNPq e psicanalista<\/p>\n<p><b>Daniela Mayorca<\/b><br \/>\nPsicanalista<\/p>\n<p><b>Ev\u00e2nia Reich<\/b><br \/>\nDoutora e Mestre em Filosofia pela UFSC. Psicanalista em forma\u00e7\u00e3o pelo Instituto Cl\u00ednico de Psican\u00e1lise de Orienta\u00e7ao Lacaniana (ICPOL) e Escola Brasileira de Psican\u00e1lise (EBP) e membro do Coletivo Psican\u00e1lise na Pra\u00e7a (Florian\u00f3polis).<\/p>\n<p><b>Felini de Souza<\/b><br \/>\nDoutoranda em Filosofia na \u00c1rea de \u00c9tica e Filosofia Pol\u00edtica na UFSC. \u00c9 mestre e licenciada em filosofia pela UFSC.<\/p>\n<p><b>Jos\u00e9 Vitor Lovato Aumann<\/b><br \/>\nGraduando em Filosofia, Pesquisador PIBIC\/CNPQ.<\/p>\n<p><b>Maria Borges<\/b><br \/>\nProfessora Titular de Filosofia do Departamento de Filosofia e da P\u00f3s-gradua\u00e7\u00e3o em Filosofia da UFSC. Pesquisadora do CNPQ.<\/p>\n<p><b>Mariana Franco Fuckner <\/b><br \/>\nMestranda pelo PPG de Servi\u00e7o Social da Universidade Federal de Santa Catarina, pesquisadora no grupo Direitos Humanos, Pluralismo e Democracia do PPGSS da UFSC.<\/p>\n<p><b>Mateus Gustavo Coelho<\/b><br \/>\nDoutor pelo Programa Interdisciplinar em Ci\u00eancias Humanas, mestre em Filosofia pela Universidade Federal de Santa Catarina.<\/p>\n<p><b>Samantha Buglione<\/b><br \/>\nPsicanalista e Doutora pelo Programa Interdisciplinar em Ci\u00eancias Humanas da UFSC.<\/p>\n<p><b>Ubirajara Rancan de Azevedo<\/b><br \/>\nProfessor Titular de Filosofia na UNESP\/Marilia.<\/p>\n<p><b>Vilmar Debona<\/b><br \/>\ne Milene Dayana Paes Lobato<br \/>\nProfessor do Departamento e do Programa de P\u00f3s-gradua\u00e7\u00e3o em Filosofia da UFSC; Doutoranda do Programa de P\u00f3s-gradua\u00e7\u00e3o em Filosofia da UFSC, respectivamente.<\/p>\n<p><b>Willian Mac-Cornick Maron<\/b><br \/>\nPsic\u00f3logo e psicanalista, mestre e doutor em Filosofia pela PUCPR. Professor no curso de psicologia da PUCPR.<\/p>\n","protected":false},"excerpt":{"rendered":"<p>AMOR E DOR Organizadoras: Maria Borges e Ev\u00e2nia Reich Formato: 14 x 21 cm. P\u00e1ginas: 228 Publica\u00e7\u00e3o: Ataraxia, 2025 ISBN 978-65-978515-0-8 Esta colet\u00e2nea pretende apresentar o \u201camor sem anestesia\u201d, na bela express\u00e3o da m\u00fasica de Chico Cesar. \u201c\u00c9 belo, v\u00eas, o amor sem anestesia. D\u00f3i de bom, arde de doce. Queima, acalma. Mata, cria\u201d. Ao [&hellip;]<\/p>\n","protected":false},"author":2,"featured_media":1634,"comment_status":"closed","ping_status":"closed","sticky":false,"template":"","format":"standard","meta":{"_et_pb_use_builder":"off","_et_pb_old_content":"","_et_gb_content_width":"","inline_featured_image":false,"footnotes":""},"categories":[5,4],"tags":[],"class_list":["post-1631","post","type-post","status-publish","format-standard","has-post-thumbnail","hentry","category-destaques","category-noticias"],"_links":{"self":[{"href":"https:\/\/uab.ufsc.br\/ead\/filosofia\/wp-json\/wp\/v2\/posts\/1631","targetHints":{"allow":["GET"]}}],"collection":[{"href":"https:\/\/uab.ufsc.br\/ead\/filosofia\/wp-json\/wp\/v2\/posts"}],"about":[{"href":"https:\/\/uab.ufsc.br\/ead\/filosofia\/wp-json\/wp\/v2\/types\/post"}],"author":[{"embeddable":true,"href":"https:\/\/uab.ufsc.br\/ead\/filosofia\/wp-json\/wp\/v2\/users\/2"}],"replies":[{"embeddable":true,"href":"https:\/\/uab.ufsc.br\/ead\/filosofia\/wp-json\/wp\/v2\/comments?post=1631"}],"version-history":[{"count":2,"href":"https:\/\/uab.ufsc.br\/ead\/filosofia\/wp-json\/wp\/v2\/posts\/1631\/revisions"}],"predecessor-version":[{"id":1635,"href":"https:\/\/uab.ufsc.br\/ead\/filosofia\/wp-json\/wp\/v2\/posts\/1631\/revisions\/1635"}],"wp:featuredmedia":[{"embeddable":true,"href":"https:\/\/uab.ufsc.br\/ead\/filosofia\/wp-json\/wp\/v2\/media\/1634"}],"wp:attachment":[{"href":"https:\/\/uab.ufsc.br\/ead\/filosofia\/wp-json\/wp\/v2\/media?parent=1631"}],"wp:term":[{"taxonomy":"category","embeddable":true,"href":"https:\/\/uab.ufsc.br\/ead\/filosofia\/wp-json\/wp\/v2\/categories?post=1631"},{"taxonomy":"post_tag","embeddable":true,"href":"https:\/\/uab.ufsc.br\/ead\/filosofia\/wp-json\/wp\/v2\/tags?post=1631"}],"curies":[{"name":"wp","href":"https:\/\/api.w.org\/{rel}","templated":true}]}}