{"id":983,"date":"2024-06-05T19:50:22","date_gmt":"2024-06-05T22:50:22","guid":{"rendered":"http:\/\/uab.ufsc.br\/ead\/filosofia\/?p=983"},"modified":"2024-06-13T10:42:37","modified_gmt":"2024-06-13T13:42:37","slug":"tomas-de-aquino-e-a-tradicao-juridica-medieval","status":"publish","type":"post","link":"https:\/\/uab.ufsc.br\/ead\/filosofia\/2024\/06\/tomas-de-aquino-e-a-tradicao-juridica-medieval\/","title":{"rendered":"\u201cTom\u00e1s de Aquino e a tradi\u00e7\u00e3o jur\u00eddica medieval\u201d."},"content":{"rendered":"\n[et_pb_section][et_pb_row][et_pb_column type=&#8221;4_4&#8243;][et_pb_text]<!-- divi:paragraph {\"fontSize\":\"medium\"} -->\n<p class=\"has-medium-font-size\">Ciclo de Palestras do Curso de Licenciatura em Filosofia EAD.<\/p>\n<!-- \/divi:paragraph -->\n\n<!-- divi:paragraph {\"style\":{\"elements\":{\"link\":{\"color\":{\"text\":\"var:preset|color|black\"}}}},\"textColor\":\"black\",\"fontSize\":\"medium\"} -->\n<p class=\"has-black-color has-text-color has-link-color has-medium-font-size\">T\u00edtulo da Palestra:<strong> \u201cTom\u00e1s de Aquino e a tradi\u00e7\u00e3o jur\u00eddica medieval\u201d.<\/strong><\/p>\n<!-- \/divi:paragraph -->\n\n<!-- divi:paragraph {\"fontSize\":\"medium\"} -->\n<p class=\"has-medium-font-size\">Palestrante: Professor Dr. <a href=\"https:\/\/professor.ufrgs.br\/alfredostorck\/\">Alfredo Storck <\/a>(UFRGS)<\/p>\n<!-- \/divi:paragraph -->\n\n<!-- divi:paragraph {\"fontSize\":\"medium\"} -->\n<p class=\"has-medium-font-size\"><strong>Dia: 13\/06\/2024<\/strong><\/p>\n<!-- \/divi:paragraph -->\n\n<!-- divi:paragraph {\"fontSize\":\"medium\"} -->\n<p class=\"has-medium-font-size\"><strong>Hor\u00e1rio: 19:30<\/strong><\/p>\n<!-- \/divi:paragraph -->\n\n<!-- divi:paragraph {\"fontSize\":\"medium\"} -->\n<p class=\"has-medium-font-size\">Local: Sala Virtual Confer\u00eanciaWeb: <a href=\"https:\/\/lti.mconf.rnp.br\/rooms\/c35062b8f1f45a71587bd524be1d0bdd3604874f\/scheduled_meetings\/ojKPVs10SiwV\/external\">Link externo<\/a> <\/p>\n<!-- \/divi:paragraph -->[\/et_pb_text][\/et_pb_column][\/et_pb_row][\/et_pb_section]\n","protected":false},"excerpt":{"rendered":"<p><div class=\"et_pb_section et_pb_section_0 et_section_regular\" >\n\t\t\t\t\n\t\t\t\t\n\t\t\t\t\n\t\t\t\t\n\t\t\t\t\n\t\t\t\t\n\t\t\t\t\n\t\t\t\t\n\t\t\t\t\n\t\t\t<\/div><div class=\"et_pb_row et_pb_row_0 et_pb_row_empty\">\n\t\t\t\t\n\t\t\t\t\n\t\t\t\t\n\t\t\t\t\n\t\t\t\t\n\t\t\t<\/div><div class=\"et_pb_module et_pb_text et_pb_text_0  et_pb_text_align_left et_pb_bg_layout_light\">\n\t\t\t\t\n\t\t\t\t\n\t\t\t\t\n\t\t\t\t\n\t\t\t\t\n\t\t\t<\/div> Ciclo de Palestras do Curso de Licenciatura em Filosofia EAD. T\u00edtulo da Palestra: \u201cTom\u00e1s de Aquino e a tradi\u00e7\u00e3o jur\u00eddica medieval\u201d. Palestrante: Professor Dr. Alfredo Storck (UFRGS) Dia: 13\/06\/2024 Hor\u00e1rio: 19:30 Local: Sala Virtual Confer\u00eanciaWeb: Link externo<\/p>\n","protected":false},"author":2,"featured_media":988,"comment_status":"closed","ping_status":"closed","sticky":false,"template":"","format":"standard","meta":{"_et_pb_use_builder":"on","_et_pb_old_content":"<!-- wp:paragraph {\"fontSize\":\"medium\"} -->\n<p class=\"has-medium-font-size\">Ciclo de Palestras do Curso de Licenciatura em Filosofia EAD.<\/p>\n<!-- \/wp:paragraph -->\n\n<!-- wp:paragraph {\"style\":{\"elements\":{\"link\":{\"color\":{\"text\":\"var:preset|color|black\"}}}},\"textColor\":\"black\",\"fontSize\":\"medium\"} -->\n<p class=\"has-black-color has-text-color has-link-color has-medium-font-size\">T\u00edtulo da Palestra:<strong> \u201cTom\u00e1s de Aquino e a tradi\u00e7\u00e3o jur\u00eddica medieval\u201d.<\/strong><\/p>\n<!-- \/wp:paragraph -->\n\n<!-- wp:paragraph {\"fontSize\":\"medium\"} -->\n<p class=\"has-medium-font-size\">Palestrante: Professor Dr. <a href=\"https:\/\/professor.ufrgs.br\/alfredostorck\/\">Alfredo Storck <\/a>(UFRGS)<\/p>\n<!-- \/wp:paragraph -->\n\n<!-- wp:paragraph {\"fontSize\":\"medium\"} -->\n<p class=\"has-medium-font-size\"><strong>Dia: 13\/06\/2024<\/strong><\/p>\n<!-- \/wp:paragraph -->\n\n<!-- wp:paragraph {\"fontSize\":\"medium\"} -->\n<p class=\"has-medium-font-size\"><strong>Hor\u00e1rio: 19:30<\/strong><\/p>\n<!-- \/wp:paragraph -->\n\n<!-- wp:paragraph {\"fontSize\":\"medium\"} -->\n<p class=\"has-medium-font-size\">Local: Sala Virtual Confer\u00eanciaWeb: <a href=\"https:\/\/lti.mconf.rnp.br\/rooms\/c35062b8f1f45a71587bd524be1d0bdd3604874f\/scheduled_meetings\/ojKPVs10SiwV\/external\">Link externo<\/a> <\/p>\n<!-- \/wp:paragraph -->","_et_gb_content_width":"","inline_featured_image":false,"footnotes":""},"categories":[5,15,4,1],"tags":[],"class_list":["post-983","post","type-post","status-publish","format-standard","has-post-thumbnail","hentry","category-destaques","category-eventos","category-noticias","category-sem-categoria"],"_links":{"self":[{"href":"https:\/\/uab.ufsc.br\/ead\/filosofia\/wp-json\/wp\/v2\/posts\/983","targetHints":{"allow":["GET"]}}],"collection":[{"href":"https:\/\/uab.ufsc.br\/ead\/filosofia\/wp-json\/wp\/v2\/posts"}],"about":[{"href":"https:\/\/uab.ufsc.br\/ead\/filosofia\/wp-json\/wp\/v2\/types\/post"}],"author":[{"embeddable":true,"href":"https:\/\/uab.ufsc.br\/ead\/filosofia\/wp-json\/wp\/v2\/users\/2"}],"replies":[{"embeddable":true,"href":"https:\/\/uab.ufsc.br\/ead\/filosofia\/wp-json\/wp\/v2\/comments?post=983"}],"version-history":[{"count":2,"href":"https:\/\/uab.ufsc.br\/ead\/filosofia\/wp-json\/wp\/v2\/posts\/983\/revisions"}],"predecessor-version":[{"id":987,"href":"https:\/\/uab.ufsc.br\/ead\/filosofia\/wp-json\/wp\/v2\/posts\/983\/revisions\/987"}],"wp:featuredmedia":[{"embeddable":true,"href":"https:\/\/uab.ufsc.br\/ead\/filosofia\/wp-json\/wp\/v2\/media\/988"}],"wp:attachment":[{"href":"https:\/\/uab.ufsc.br\/ead\/filosofia\/wp-json\/wp\/v2\/media?parent=983"}],"wp:term":[{"taxonomy":"category","embeddable":true,"href":"https:\/\/uab.ufsc.br\/ead\/filosofia\/wp-json\/wp\/v2\/categories?post=983"},{"taxonomy":"post_tag","embeddable":true,"href":"https:\/\/uab.ufsc.br\/ead\/filosofia\/wp-json\/wp\/v2\/tags?post=983"}],"curies":[{"name":"wp","href":"https:\/\/api.w.org\/{rel}","templated":true}]}}