{"id":1532,"date":"2025-06-30T10:57:59","date_gmt":"2025-06-30T13:57:59","guid":{"rendered":"https:\/\/uab.ufsc.br\/ead\/letras-portugues\/?p=1532"},"modified":"2025-06-30T10:58:03","modified_gmt":"2025-06-30T13:58:03","slug":"calendarios-25-2-ja-estao-disponiveis","status":"publish","type":"post","link":"https:\/\/uab.ufsc.br\/ead\/letras-portugues\/2025\/06\/calendarios-25-2-ja-estao-disponiveis\/","title":{"rendered":"Calend\u00e1rios 25.2 j\u00e1 est\u00e3o dispon\u00edveis!"},"content":{"rendered":"\n<p>Os calend\u00e1rios do curso de Letras Portugu\u00eas EAD para o segundo semestre letivo de 2025 j\u00e1 est\u00e3o dispon\u00edveis para a aprecia\u00e7\u00e3o de todos.<\/p>\n\n\n\n<p><strong>CALEND\u00c1RIOS 4\u00aa EDI\u00c7\u00c3O:<\/strong><\/p>\n\n\n\n<p>Ararangu\u00e1: <a href=\"https:\/\/drive.google.com\/file\/d\/1tZrJotVg5DKmH-EUm12OOUjY9ziobVGv\/view?usp=sharing\">https:\/\/drive.google.com\/file\/d\/1tZrJotVg5DKmH-EUm12OOUjY9ziobVGv\/view?usp=sharing<\/a><\/p>\n\n\n\n<p>Bra\u00e7o do Norte: <a href=\"https:\/\/drive.google.com\/file\/d\/1-KkNC7SPR7M6Dao5OJRfOorbiw8kxFnB\/view?usp=sharing\">https:\/\/drive.google.com\/file\/d\/1-KkNC7SPR7M6Dao5OJRfOorbiw8kxFnB\/view?usp=sharing<\/a><\/p>\n\n\n\n<p>Canoinhas: <a href=\"https:\/\/drive.google.com\/file\/d\/1VujJRkpNRYj3sNbKp5FNlbRebv3EOwDg\/view?usp=sharing\">https:\/\/drive.google.com\/file\/d\/1VujJRkpNRYj3sNbKp5FNlbRebv3EOwDg\/view?usp=sharing<\/a><\/p>\n\n\n\n<p>Palho\u00e7a: <a href=\"https:\/\/drive.google.com\/file\/d\/1tavechfZky1SzH9X5itbqfFaKrzkrDlJ\/view?usp=sharing\">https:\/\/drive.google.com\/file\/d\/1tavechfZky1SzH9X5itbqfFaKrzkrDlJ\/view?usp=sharing<\/a><\/p>\n\n\n\n<p>Ponte Serrada: <a href=\"https:\/\/drive.google.com\/file\/d\/1qSiNulwSMZMmUKZwqoRFnhMspDJCgnQe\/view?usp=sharing\">https:\/\/drive.google.com\/file\/d\/1qSiNulwSMZMmUKZwqoRFnhMspDJCgnQe\/view?usp=sharing<\/a><br>Praia Grande: <a href=\"https:\/\/drive.google.com\/file\/d\/1y7NYpF6JymqL6IwB6G5svqrUvQtQy6ob\/view?usp=sharing\">https:\/\/drive.google.com\/file\/d\/1y7NYpF6JymqL6IwB6G5svqrUvQtQy6ob\/view?usp=sharing<\/a><\/p>\n\n\n\n<p><strong>CALEND\u00c1RIOS 5\u00aa EDI\u00c7\u00c3O:<\/strong><\/p>\n\n\n\n<p>Ararangu\u00e1: <a href=\"https:\/\/drive.google.com\/file\/d\/1-NTzDsgMtid0fAiJu3rOgDpKOngbRxYU\/view?usp=sharing\">https:\/\/drive.google.com\/file\/d\/1-NTzDsgMtid0fAiJu3rOgDpKOngbRxYU\/view?usp=sharing<\/a><\/p>\n\n\n\n<p>Bra\u00e7o do Norte: <a href=\"https:\/\/drive.google.com\/file\/d\/1Jm9VKhvgpwGxdgOK17nbLDM-PGXFPxYL\/view?usp=sharing\">https:\/\/drive.google.com\/file\/d\/1Jm9VKhvgpwGxdgOK17nbLDM-PGXFPxYL\/view?usp=sharing<\/a><\/p>\n\n\n\n<p>Indaial: <a href=\"https:\/\/drive.google.com\/file\/d\/1Z0kXEDBnrWQbvR-2a70WakgigrF4-xrF\/view?usp=sharing\">https:\/\/drive.google.com\/file\/d\/1Z0kXEDBnrWQbvR-2a70WakgigrF4-xrF\/view?usp=sharing<\/a><\/p>\n\n\n\n<p>Joinville: <a href=\"https:\/\/drive.google.com\/file\/d\/1rZA4YWIwBwOW3KKXpSg-p45IJKpXpFW6\/view?usp=sharing\">https:\/\/drive.google.com\/file\/d\/1rZA4YWIwBwOW3KKXpSg-p45IJKpXpFW6\/view?usp=sharing<\/a><\/p>\n\n\n\n<p>Palho\u00e7a: <a href=\"https:\/\/drive.google.com\/file\/d\/1b9rYrw4bN5eQKNIfVbIhfy0PANC2vQmz\/view?usp=sharing\">https:\/\/drive.google.com\/file\/d\/1b9rYrw4bN5eQKNIfVbIhfy0PANC2vQmz\/view?usp=sharing<\/a><\/p>\n\n\n\n<p>Praia Grande: <a href=\"https:\/\/drive.google.com\/file\/d\/1Mv6nQCnR0hqi3NzulYo7-bu5espaqOUa\/view?usp=sharing\">https:\/\/drive.google.com\/file\/d\/1Mv6nQCnR0hqi3NzulYo7-bu5espaqOUa\/view?usp=sharing<\/a><\/p>\n","protected":false},"excerpt":{"rendered":"<p>Os calend\u00e1rios do curso de Letras Portugu\u00eas EAD para o segundo semestre letivo de 2025 j\u00e1 est\u00e3o dispon\u00edveis para a aprecia\u00e7\u00e3o de todos. CALEND\u00c1RIOS 4\u00aa EDI\u00c7\u00c3O: Ararangu\u00e1: https:\/\/drive.google.com\/file\/d\/1tZrJotVg5DKmH-EUm12OOUjY9ziobVGv\/view?usp=sharing Bra\u00e7o do Norte: https:\/\/drive.google.com\/file\/d\/1-KkNC7SPR7M6Dao5OJRfOorbiw8kxFnB\/view?usp=sharing Canoinhas: https:\/\/drive.google.com\/file\/d\/1VujJRkpNRYj3sNbKp5FNlbRebv3EOwDg\/view?usp=sharing Palho\u00e7a: https:\/\/drive.google.com\/file\/d\/1tavechfZky1SzH9X5itbqfFaKrzkrDlJ\/view?usp=sharing Ponte Serrada: https:\/\/drive.google.com\/file\/d\/1qSiNulwSMZMmUKZwqoRFnhMspDJCgnQe\/view?usp=sharingPraia Grande: https:\/\/drive.google.com\/file\/d\/1y7NYpF6JymqL6IwB6G5svqrUvQtQy6ob\/view?usp=sharing CALEND\u00c1RIOS 5\u00aa EDI\u00c7\u00c3O: Ararangu\u00e1: https:\/\/drive.google.com\/file\/d\/1-NTzDsgMtid0fAiJu3rOgDpKOngbRxYU\/view?usp=sharing Bra\u00e7o do Norte: https:\/\/drive.google.com\/file\/d\/1Jm9VKhvgpwGxdgOK17nbLDM-PGXFPxYL\/view?usp=sharing Indaial: https:\/\/drive.google.com\/file\/d\/1Z0kXEDBnrWQbvR-2a70WakgigrF4-xrF\/view?usp=sharing Joinville: https:\/\/drive.google.com\/file\/d\/1rZA4YWIwBwOW3KKXpSg-p45IJKpXpFW6\/view?usp=sharing Palho\u00e7a: [&hellip;]<\/p>\n","protected":false},"author":10,"featured_media":0,"comment_status":"closed","ping_status":"closed","sticky":false,"template":"","format":"standard","meta":{"_et_pb_use_builder":"off","_et_pb_old_content":"","_et_gb_content_width":"","footnotes":""},"categories":[5,4],"tags":[],"class_list":["post-1532","post","type-post","status-publish","format-standard","hentry","category-destaques","category-noticias"],"_links":{"self":[{"href":"https:\/\/uab.ufsc.br\/ead\/letras-portugues\/wp-json\/wp\/v2\/posts\/1532","targetHints":{"allow":["GET"]}}],"collection":[{"href":"https:\/\/uab.ufsc.br\/ead\/letras-portugues\/wp-json\/wp\/v2\/posts"}],"about":[{"href":"https:\/\/uab.ufsc.br\/ead\/letras-portugues\/wp-json\/wp\/v2\/types\/post"}],"author":[{"embeddable":true,"href":"https:\/\/uab.ufsc.br\/ead\/letras-portugues\/wp-json\/wp\/v2\/users\/10"}],"replies":[{"embeddable":true,"href":"https:\/\/uab.ufsc.br\/ead\/letras-portugues\/wp-json\/wp\/v2\/comments?post=1532"}],"version-history":[{"count":1,"href":"https:\/\/uab.ufsc.br\/ead\/letras-portugues\/wp-json\/wp\/v2\/posts\/1532\/revisions"}],"predecessor-version":[{"id":1533,"href":"https:\/\/uab.ufsc.br\/ead\/letras-portugues\/wp-json\/wp\/v2\/posts\/1532\/revisions\/1533"}],"wp:attachment":[{"href":"https:\/\/uab.ufsc.br\/ead\/letras-portugues\/wp-json\/wp\/v2\/media?parent=1532"}],"wp:term":[{"taxonomy":"category","embeddable":true,"href":"https:\/\/uab.ufsc.br\/ead\/letras-portugues\/wp-json\/wp\/v2\/categories?post=1532"},{"taxonomy":"post_tag","embeddable":true,"href":"https:\/\/uab.ufsc.br\/ead\/letras-portugues\/wp-json\/wp\/v2\/tags?post=1532"}],"curies":[{"name":"wp","href":"https:\/\/api.w.org\/{rel}","templated":true}]}}