{"id":1603,"date":"2026-09-01T12:38:44","date_gmt":"2026-09-01T15:38:44","guid":{"rendered":"https:\/\/uab.ufsc.br\/ead\/letras-portugues\/?p=1603"},"modified":"2026-09-01T13:53:40","modified_gmt":"2026-09-01T16:53:40","slug":"atividades-da-semana","status":"publish","type":"post","link":"https:\/\/uab.ufsc.br\/ead\/letras-portugues\/2026\/09\/atividades-da-semana\/","title":{"rendered":"Atividades da semana"},"content":{"rendered":"\n<p class=\"wp-block-paragraph\"><strong>Nesta semanas as aulas ser\u00e3o apenas por webconfer\u00eancia:<\/strong><\/p>\n\n\n\n<p class=\"wp-block-paragraph\"><strong>4\u00aa edi\u00e7\u00e3o: <\/strong><\/p>\n\n\n\n<p class=\"wp-block-paragraph\">    02\/09 \u00e0s 19h &#8211; Aula por webconfer\u00eancia de Hist\u00f3ria da L\u00edngua e Norma Lingu\u00edstica<\/p>\n\n\n\n<p class=\"wp-block-paragraph\"><strong>5 edi\u00e7\u00e3o:<\/strong><\/p>\n\n\n\n<p class=\"wp-block-paragraph\">    01\/09 \u00e0s 19h &#8211; Aula de Literatura Brasileira III <\/p>\n\n\n\n<p class=\"wp-block-paragraph\">    02\/09 \u00e0s 19h &#8211; Aula de Aquisi\u00e7\u00e3o da L\u00edngua Oral e Escrita<\/p>\n\n\n\n<p class=\"wp-block-paragraph\">As informa\u00e7\u00f5es sobre os links de acesso ser\u00e3o dadas pelos professores. <\/p>\n\n\n\n<p class=\"wp-block-paragraph\"><\/p>\n","protected":false},"excerpt":{"rendered":"<p>Nesta semanas as aulas ser\u00e3o apenas por webconfer\u00eancia: 4\u00aa edi\u00e7\u00e3o: 02\/09 \u00e0s 19h &#8211; Aula por webconfer\u00eancia de Hist\u00f3ria da L\u00edngua e Norma Lingu\u00edstica 5 edi\u00e7\u00e3o: 01\/09 \u00e0s 19h &#8211; Aula de Literatura Brasileira III 02\/09 \u00e0s 19h &#8211; Aula de Aquisi\u00e7\u00e3o da L\u00edngua Oral e Escrita As informa\u00e7\u00f5es sobre os links de acesso ser\u00e3o [&hellip;]<\/p>\n","protected":false},"author":10,"featured_media":0,"comment_status":"closed","ping_status":"closed","sticky":false,"template":"","format":"standard","meta":{"_et_pb_use_builder":"off","_et_pb_old_content":"","_et_gb_content_width":"","footnotes":""},"categories":[1],"tags":[],"class_list":["post-1603","post","type-post","status-publish","format-standard","hentry","category-sem-categoria"],"_links":{"self":[{"href":"https:\/\/uab.ufsc.br\/ead\/letras-portugues\/wp-json\/wp\/v2\/posts\/1603","targetHints":{"allow":["GET"]}}],"collection":[{"href":"https:\/\/uab.ufsc.br\/ead\/letras-portugues\/wp-json\/wp\/v2\/posts"}],"about":[{"href":"https:\/\/uab.ufsc.br\/ead\/letras-portugues\/wp-json\/wp\/v2\/types\/post"}],"author":[{"embeddable":true,"href":"https:\/\/uab.ufsc.br\/ead\/letras-portugues\/wp-json\/wp\/v2\/users\/10"}],"replies":[{"embeddable":true,"href":"https:\/\/uab.ufsc.br\/ead\/letras-portugues\/wp-json\/wp\/v2\/comments?post=1603"}],"version-history":[{"count":2,"href":"https:\/\/uab.ufsc.br\/ead\/letras-portugues\/wp-json\/wp\/v2\/posts\/1603\/revisions"}],"predecessor-version":[{"id":1606,"href":"https:\/\/uab.ufsc.br\/ead\/letras-portugues\/wp-json\/wp\/v2\/posts\/1603\/revisions\/1606"}],"wp:attachment":[{"href":"https:\/\/uab.ufsc.br\/ead\/letras-portugues\/wp-json\/wp\/v2\/media?parent=1603"}],"wp:term":[{"taxonomy":"category","embeddable":true,"href":"https:\/\/uab.ufsc.br\/ead\/letras-portugues\/wp-json\/wp\/v2\/categories?post=1603"},{"taxonomy":"post_tag","embeddable":true,"href":"https:\/\/uab.ufsc.br\/ead\/letras-portugues\/wp-json\/wp\/v2\/tags?post=1603"}],"curies":[{"name":"wp","href":"https:\/\/api.w.org\/{rel}","templated":true}]}}